{"id":889,"date":"2021-07-08T19:00:16","date_gmt":"2021-07-08T19:00:16","guid":{"rendered":"https:\/\/www.sahra-damus.de\/wordpress\/?p=889"},"modified":"2021-08-09T15:00:36","modified_gmt":"2021-08-09T15:00:36","slug":"sommertour-etappe-2-landeslabot-berlin-brandenburg-theater-am-rand-und-europabruecke-neuruednitzt-siekierki","status":"publish","type":"post","link":"https:\/\/www.sahra-damus.de\/wordpress\/sommertour-etappe-2-landeslabot-berlin-brandenburg-theater-am-rand-und-europabruecke-neuruednitzt-siekierki\/","title":{"rendered":"Sommertour &#8211; Etappe 2: Landeslabor Berlin-Brandenburg, Theater am Rand und Europabr\u00fccke Neur\u00fcdnitzt-Siekierki"},"content":{"rendered":"<p><img loading=\"lazy\" decoding=\"async\" class=\" wp-image-891 alignleft\" src=\"https:\/\/www.sahra-damus.de\/wordpress\/wp-content\/uploads\/2021\/07\/Sommertour-2021-Europabruecke-300x225.jpg\" alt=\"\" width=\"197\" height=\"148\" srcset=\"https:\/\/www.sahra-damus.de\/wordpress\/wp-content\/uploads\/2021\/07\/Sommertour-2021-Europabruecke-300x225.jpg 300w, https:\/\/www.sahra-damus.de\/wordpress\/wp-content\/uploads\/2021\/07\/Sommertour-2021-Europabruecke-1024x768.jpg 1024w, https:\/\/www.sahra-damus.de\/wordpress\/wp-content\/uploads\/2021\/07\/Sommertour-2021-Europabruecke-768x576.jpg 768w, https:\/\/www.sahra-damus.de\/wordpress\/wp-content\/uploads\/2021\/07\/Sommertour-2021-Europabruecke-1536x1152.jpg 1536w, https:\/\/www.sahra-damus.de\/wordpress\/wp-content\/uploads\/2021\/07\/Sommertour-2021-Europabruecke.jpg 1728w\" sizes=\"auto, (max-width: 197px) 100vw, 197px\" \/>Heute ging\u00b4s zuerst ins Landeslabor Berlin-Brandenburg am Standort in FFO. Dort wird alles untersucht und \u00fcberwacht, was potenziell f\u00fcr Mensch und Tier sch\u00e4dlich sein k\u00f6nnte: Aktuell sehr viele Proben f\u00fcr die Afrikanische Schweinepest, aber auch andere Tierseuchen. Au\u00dferdem im Repertoire: R\u00fcckst\u00e4nde in Lebensmitteln, Inhaltsstoffe von Kosmetika, Feinstaubbelastung und auch ein permanentes Monitoring von Radioaktivit\u00e4t. Tschernobyl zeigt noch immer seine Spuren in Brandenburger W\u00e4ldern.<!--more--><!--more--><!--noteaser--><\/p>\n<p>Heute ging\u00b4s zuerst ins Landeslabor Berlin-Brandenburg am Standort in FFO. Dort wird alles untersucht und \u00fcberwacht, was potenziell f\u00fcr Mensch und Tier sch\u00e4dlich sein k\u00f6nnte: Aktuell sehr viele Proben f\u00fcr die Afrikanische Schweinepest, aber auch andere Tierseuchen. Au\u00dferdem im Repertoire: R\u00fcckst\u00e4nde in Lebensmitteln, Inhaltsstoffe von Kosmetika, Feinstaubbelastung und auch ein permanentes Monitoring von Radioaktivit\u00e4t. Tschernobyl zeigt noch immer seine Spuren in Brandenburger W\u00e4ldern.<\/p>\n<p>Anschlie\u00dfend einmal quer durchs Oderbruch zum <a class=\"oajrlxb2 g5ia77u1 qu0x051f esr5mh6w e9989ue4 r7d6kgcz rq0escxv nhd2j8a9 nc684nl6 p7hjln8o kvgmc6g5 cxmmr5t8 oygrvhab hcukyx3x jb3vyjys rz4wbd8a qt6c0cv9 a8nywdso i1ao9s8h esuyzwwr f1sip0of lzcic4wl q66pz984 gpro0wi8 b1v8xokw\" tabindex=\"0\" role=\"link\" href=\"https:\/\/www.facebook.com\/TheaterAmRand\/?__cft__[0]=AZUCabu072YUyUbtAu6l6nnuKWnq4z755S9gVGbIczrHvXXAf5HL6lUHY7i5l6L6soPDskXyogq3Vmza4iVafrTDQU8fmzjxtwi8-4jvMQlPNX5dcYSotb0h4unwBgWx0bKuT9qlMGfu_YQu_CyC7WX7&amp;__tn__=kK-R\"><span class=\"nc684nl6\">Theater am Rand<\/span><\/a> &#8211; im Gespr\u00e4ch mit der Gesch\u00e4ftsf\u00fchrerin Almut Undisz zur F\u00f6rderung freier Theater, Pandemieauswirkungen und Mobilit\u00e4t im l\u00e4ndlichen Raum. Und weil wir grad schon in der N\u00e4he waren, haben wir auch den Baufortschritt bei der Europabr\u00fccke Neur\u00fcdnitz-Siekierki inspiziert. Polnischer Teil bereits fertig, deutscher in Arbeit. Aus der alten Eisenbahnbr\u00fccke wird mit EU-F\u00f6rdermitteln eine Br\u00fccke f\u00fcr Rad- und Fu\u00dfverkehr. Der Oder-Nei\u00dfe-Radweg erh\u00e4lt damit eine weitere Querung \u00fcber die Oder. Nachhaltigen Tourismus statt <a class=\"oajrlxb2 g5ia77u1 qu0x051f esr5mh6w e9989ue4 r7d6kgcz rq0escxv nhd2j8a9 nc684nl6 p7hjln8o kvgmc6g5 cxmmr5t8 oygrvhab hcukyx3x jb3vyjys rz4wbd8a qt6c0cv9 a8nywdso i1ao9s8h esuyzwwr f1sip0of lzcic4wl q66pz984 gpro0wi8 b1v8xokw\" tabindex=\"0\" role=\"link\" href=\"https:\/\/www.facebook.com\/hashtag\/oderausbau?__eep__=6&amp;__cft__[0]=AZUCabu072YUyUbtAu6l6nnuKWnq4z755S9gVGbIczrHvXXAf5HL6lUHY7i5l6L6soPDskXyogq3Vmza4iVafrTDQU8fmzjxtwi8-4jvMQlPNX5dcYSotb0h4unwBgWx0bKuT9qlMGfu_YQu_CyC7WX7&amp;__tn__=*NK-R\">#oderausbau<\/a>! <a class=\"oajrlxb2 g5ia77u1 qu0x051f esr5mh6w e9989ue4 r7d6kgcz rq0escxv nhd2j8a9 nc684nl6 p7hjln8o kvgmc6g5 cxmmr5t8 oygrvhab hcukyx3x jb3vyjys rz4wbd8a qt6c0cv9 a8nywdso i1ao9s8h esuyzwwr f1sip0of lzcic4wl q66pz984 gpro0wi8 b1v8xokw\" tabindex=\"0\" role=\"link\" href=\"https:\/\/www.facebook.com\/hashtag\/saveoder?__eep__=6&amp;__cft__[0]=AZUCabu072YUyUbtAu6l6nnuKWnq4z755S9gVGbIczrHvXXAf5HL6lUHY7i5l6L6soPDskXyogq3Vmza4iVafrTDQU8fmzjxtwi8-4jvMQlPNX5dcYSotb0h4unwBgWx0bKuT9qlMGfu_YQu_CyC7WX7&amp;__tn__=*NK-R\">#saveoder<\/a> <a class=\"oajrlxb2 g5ia77u1 qu0x051f esr5mh6w e9989ue4 r7d6kgcz rq0escxv nhd2j8a9 nc684nl6 p7hjln8o kvgmc6g5 cxmmr5t8 oygrvhab hcukyx3x jb3vyjys rz4wbd8a qt6c0cv9 a8nywdso i1ao9s8h esuyzwwr f1sip0of lzcic4wl q66pz984 gpro0wi8 b1v8xokw\" tabindex=\"0\" role=\"link\" href=\"https:\/\/www.facebook.com\/hashtag\/sommertour?__eep__=6&amp;__cft__[0]=AZUCabu072YUyUbtAu6l6nnuKWnq4z755S9gVGbIczrHvXXAf5HL6lUHY7i5l6L6soPDskXyogq3Vmza4iVafrTDQU8fmzjxtwi8-4jvMQlPNX5dcYSotb0h4unwBgWx0bKuT9qlMGfu_YQu_CyC7WX7&amp;__tn__=*NK-R\">#sommertour<\/a><\/p>\n<p><img loading=\"lazy\" decoding=\"async\" class=\"size-medium wp-image-890 alignleft\" src=\"https:\/\/www.sahra-damus.de\/wordpress\/wp-content\/uploads\/2021\/07\/Sommertour-2021-Landeslabor-300x225.jpg\" alt=\"\" width=\"300\" height=\"225\" srcset=\"https:\/\/www.sahra-damus.de\/wordpress\/wp-content\/uploads\/2021\/07\/Sommertour-2021-Landeslabor-300x225.jpg 300w, https:\/\/www.sahra-damus.de\/wordpress\/wp-content\/uploads\/2021\/07\/Sommertour-2021-Landeslabor-1024x768.jpg 1024w, https:\/\/www.sahra-damus.de\/wordpress\/wp-content\/uploads\/2021\/07\/Sommertour-2021-Landeslabor-768x576.jpg 768w, https:\/\/www.sahra-damus.de\/wordpress\/wp-content\/uploads\/2021\/07\/Sommertour-2021-Landeslabor-1536x1152.jpg 1536w, https:\/\/www.sahra-damus.de\/wordpress\/wp-content\/uploads\/2021\/07\/Sommertour-2021-Landeslabor.jpg 1728w\" sizes=\"auto, (max-width: 300px) 100vw, 300px\" \/><img loading=\"lazy\" decoding=\"async\" class=\"size-medium wp-image-892 alignleft\" src=\"https:\/\/www.sahra-damus.de\/wordpress\/wp-content\/uploads\/2021\/07\/Sommertour-2021-Theater-am-Rand-300x225.jpg\" alt=\"\" width=\"300\" height=\"225\" srcset=\"https:\/\/www.sahra-damus.de\/wordpress\/wp-content\/uploads\/2021\/07\/Sommertour-2021-Theater-am-Rand-300x225.jpg 300w, https:\/\/www.sahra-damus.de\/wordpress\/wp-content\/uploads\/2021\/07\/Sommertour-2021-Theater-am-Rand-1024x768.jpg 1024w, https:\/\/www.sahra-damus.de\/wordpress\/wp-content\/uploads\/2021\/07\/Sommertour-2021-Theater-am-Rand-768x576.jpg 768w, https:\/\/www.sahra-damus.de\/wordpress\/wp-content\/uploads\/2021\/07\/Sommertour-2021-Theater-am-Rand-1536x1152.jpg 1536w, https:\/\/www.sahra-damus.de\/wordpress\/wp-content\/uploads\/2021\/07\/Sommertour-2021-Theater-am-Rand.jpg 1728w\" sizes=\"auto, (max-width: 300px) 100vw, 300px\" \/><img loading=\"lazy\" decoding=\"async\" class=\"alignnone size-medium wp-image-891\" src=\"https:\/\/www.sahra-damus.de\/wordpress\/wp-content\/uploads\/2021\/07\/Sommertour-2021-Europabruecke-300x225.jpg\" alt=\"\" width=\"300\" height=\"225\" srcset=\"https:\/\/www.sahra-damus.de\/wordpress\/wp-content\/uploads\/2021\/07\/Sommertour-2021-Europabruecke-300x225.jpg 300w, https:\/\/www.sahra-damus.de\/wordpress\/wp-content\/uploads\/2021\/07\/Sommertour-2021-Europabruecke-1024x768.jpg 1024w, https:\/\/www.sahra-damus.de\/wordpress\/wp-content\/uploads\/2021\/07\/Sommertour-2021-Europabruecke-768x576.jpg 768w, https:\/\/www.sahra-damus.de\/wordpress\/wp-content\/uploads\/2021\/07\/Sommertour-2021-Europabruecke-1536x1152.jpg 1536w, https:\/\/www.sahra-damus.de\/wordpress\/wp-content\/uploads\/2021\/07\/Sommertour-2021-Europabruecke.jpg 1728w\" sizes=\"auto, (max-width: 300px) 100vw, 300px\" \/><\/p>\n","protected":false},"excerpt":{"rendered":"<p>Heute ging\u00b4s zuerst ins Landeslabor Berlin-Brandenburg am Standort in FFO. Dort wird alles untersucht und \u00fcberwacht, was potenziell f\u00fcr Mensch und Tier sch\u00e4dlich sein k\u00f6nnte: Aktuell sehr viele Proben f\u00fcr [&hellip;]<\/p>\n","protected":false},"author":1,"featured_media":0,"comment_status":"open","ping_status":"open","sticky":false,"template":"","format":"standard","meta":{"footnotes":""},"categories":[1],"tags":[],"class_list":["post-889","post","type-post","status-publish","format-standard","hentry","category-uncategorized"],"_links":{"self":[{"href":"https:\/\/www.sahra-damus.de\/wordpress\/wp-json\/wp\/v2\/posts\/889","targetHints":{"allow":["GET"]}}],"collection":[{"href":"https:\/\/www.sahra-damus.de\/wordpress\/wp-json\/wp\/v2\/posts"}],"about":[{"href":"https:\/\/www.sahra-damus.de\/wordpress\/wp-json\/wp\/v2\/types\/post"}],"author":[{"embeddable":true,"href":"https:\/\/www.sahra-damus.de\/wordpress\/wp-json\/wp\/v2\/users\/1"}],"replies":[{"embeddable":true,"href":"https:\/\/www.sahra-damus.de\/wordpress\/wp-json\/wp\/v2\/comments?post=889"}],"version-history":[{"count":4,"href":"https:\/\/www.sahra-damus.de\/wordpress\/wp-json\/wp\/v2\/posts\/889\/revisions"}],"predecessor-version":[{"id":903,"href":"https:\/\/www.sahra-damus.de\/wordpress\/wp-json\/wp\/v2\/posts\/889\/revisions\/903"}],"wp:attachment":[{"href":"https:\/\/www.sahra-damus.de\/wordpress\/wp-json\/wp\/v2\/media?parent=889"}],"wp:term":[{"taxonomy":"category","embeddable":true,"href":"https:\/\/www.sahra-damus.de\/wordpress\/wp-json\/wp\/v2\/categories?post=889"},{"taxonomy":"post_tag","embeddable":true,"href":"https:\/\/www.sahra-damus.de\/wordpress\/wp-json\/wp\/v2\/tags?post=889"}],"curies":[{"name":"wp","href":"https:\/\/api.w.org\/{rel}","templated":true}]}}