{"id":926,"date":"2021-03-25T18:32:23","date_gmt":"2021-03-25T18:32:23","guid":{"rendered":"https:\/\/www.sahra-damus.de\/wordpress\/?p=926"},"modified":"2021-09-01T11:45:09","modified_gmt":"2021-09-01T11:45:09","slug":"antrag-der-koalitionsfraktionen-ein-mehrsprachigkeitskonzept-fuer-brandenburg-auf-den-weg-bringen-und-die-staerkung-der-angestammten-regional-und-minderheitensprachen-brandenburgs-fortsetzen","status":"publish","type":"post","link":"https:\/\/www.sahra-damus.de\/wordpress\/antrag-der-koalitionsfraktionen-ein-mehrsprachigkeitskonzept-fuer-brandenburg-auf-den-weg-bringen-und-die-staerkung-der-angestammten-regional-und-minderheitensprachen-brandenburgs-fortsetzen\/","title":{"rendered":"Antrag der Koalitionsfraktionen: Ein Mehrsprachigkeitskonzept f\u00fcr Brandenburg auf den Weg bringen und die St\u00e4rkung der angestammten Regional- und Minderheitensprachen Brandenburgs fortsetzen"},"content":{"rendered":"<p>Aus der Begr\u00fcndung: In den vergangenen 25 Jahren wurde sowohl das Landesrecht als auch die Praxis der Sprachf\u00f6rderung deutlich weiterentwickelt. Auch die beiden Sprachen Niedersorbisch und Niederdeutsch sind heute deutlich pr\u00e4senter als damals. Aus diesem Grund soll gepr\u00fcft wer-den, ob es zum einen eines Gesetzes zum Schutz der niederdeutschen Sprache bedarf und ob das Land zum anderen faktisch bereits Vorschriften aus der Europ\u00e4ischen Charta der Regional- oder Minderheitensprachen erf\u00fcllt, die bisher seitens der Bundesrepublik formal nicht \u00fcbernommen wurden. In diesem Zusammenhang soll weiterhin gepr\u00fcft werden, ob die \u00dcbernahme solcher Vorschriften gegen\u00fcber dem Bund angemeldet werden soll.<\/p>\n<p>Mein Statement dazu: <a href=\"https:\/\/www.facebook.com\/watch\/?v=3779603045428193\">https:\/\/www.facebook.com\/watch\/?v=3779603045428193<\/a><\/p>\n<p><a href=\"https:\/\/gruene-fraktion-brandenburg.de\/uploads\/documents\/Antraege\/7_Wahlperiode\/3789-Entschliessungsantrag-zum-Antrag-Nedderdueuetsch.pdf\">&#8211;&gt; Der Antrag zum Download<\/a><\/p>\n","protected":false},"excerpt":{"rendered":"<p>Aus der Begr\u00fcndung: In den vergangenen 25 Jahren wurde sowohl das Landesrecht als auch die Praxis der Sprachf\u00f6rderung deutlich weiterentwickelt. Auch die beiden Sprachen Niedersorbisch und Niederdeutsch sind heute deutlich [&hellip;]<\/p>\n","protected":false},"author":1,"featured_media":0,"comment_status":"open","ping_status":"open","sticky":false,"template":"","format":"standard","meta":{"footnotes":""},"categories":[12,8,1],"tags":[],"class_list":["post-926","post","type-post","status-publish","format-standard","hentry","category-antraege","category-imlandtag","category-uncategorized"],"_links":{"self":[{"href":"https:\/\/www.sahra-damus.de\/wordpress\/wp-json\/wp\/v2\/posts\/926","targetHints":{"allow":["GET"]}}],"collection":[{"href":"https:\/\/www.sahra-damus.de\/wordpress\/wp-json\/wp\/v2\/posts"}],"about":[{"href":"https:\/\/www.sahra-damus.de\/wordpress\/wp-json\/wp\/v2\/types\/post"}],"author":[{"embeddable":true,"href":"https:\/\/www.sahra-damus.de\/wordpress\/wp-json\/wp\/v2\/users\/1"}],"replies":[{"embeddable":true,"href":"https:\/\/www.sahra-damus.de\/wordpress\/wp-json\/wp\/v2\/comments?post=926"}],"version-history":[{"count":4,"href":"https:\/\/www.sahra-damus.de\/wordpress\/wp-json\/wp\/v2\/posts\/926\/revisions"}],"predecessor-version":[{"id":937,"href":"https:\/\/www.sahra-damus.de\/wordpress\/wp-json\/wp\/v2\/posts\/926\/revisions\/937"}],"wp:attachment":[{"href":"https:\/\/www.sahra-damus.de\/wordpress\/wp-json\/wp\/v2\/media?parent=926"}],"wp:term":[{"taxonomy":"category","embeddable":true,"href":"https:\/\/www.sahra-damus.de\/wordpress\/wp-json\/wp\/v2\/categories?post=926"},{"taxonomy":"post_tag","embeddable":true,"href":"https:\/\/www.sahra-damus.de\/wordpress\/wp-json\/wp\/v2\/tags?post=926"}],"curies":[{"name":"wp","href":"https:\/\/api.w.org\/{rel}","templated":true}]}}