{"id":930,"date":"2021-06-15T18:39:58","date_gmt":"2021-06-15T18:39:58","guid":{"rendered":"https:\/\/www.sahra-damus.de\/wordpress\/?p=930"},"modified":"2021-09-01T11:41:05","modified_gmt":"2021-09-01T11:41:05","slug":"entschliessungsantrag-zum-antrag-nedderdueuetsch-dat-is-een-grooten-schatz-wofoer-dat-land-rohmenbedingungen-henkriegen-muett-platt-sall-ok-in-de-tokunft-to-brannenborg-gehoern","status":"publish","type":"post","link":"https:\/\/www.sahra-damus.de\/wordpress\/entschliessungsantrag-zum-antrag-nedderdueuetsch-dat-is-een-grooten-schatz-wofoer-dat-land-rohmenbedingungen-henkriegen-muett-platt-sall-ok-in-de-tokunft-to-brannenborg-gehoern\/","title":{"rendered":"Entschlie\u00dfungsantrag zum Antrag: Nedderd\u00fc\u00fctsch &#8211; dat is een grooten Schatz, wof\u00f6r dat Land Rohmenbedingungen henkriegen m\u00fctt. Platt sall ok in de Tokunft to Brannenborg geh\u00f6rn!"},"content":{"rendered":"<p>Sprache und Kultur sind Bestandteile der Identit\u00e4t. Der Landtag bekr\u00e4ftigt daher erneut die wichtige historische wie gegenw\u00e4rtige Bedeutung der Regionalsprache Niederdeutsch als ein unverzichtbares Element des kulturellen Erbes unseres Landes. Sie steht unter besonderem Schutz.<\/p>\n","protected":false},"excerpt":{"rendered":"<p>Sprache und Kultur sind Bestandteile der Identit\u00e4t. Der Landtag bekr\u00e4ftigt daher erneut die wichtige historische wie gegenw\u00e4rtige Bedeutung der Regionalsprache Niederdeutsch als ein unverzichtbares Element des kulturellen Erbes unseres Landes. [&hellip;]<\/p>\n","protected":false},"author":1,"featured_media":0,"comment_status":"open","ping_status":"open","sticky":false,"template":"","format":"standard","meta":{"footnotes":""},"categories":[12,8,1],"tags":[],"class_list":["post-930","post","type-post","status-publish","format-standard","hentry","category-antraege","category-imlandtag","category-uncategorized"],"_links":{"self":[{"href":"https:\/\/www.sahra-damus.de\/wordpress\/wp-json\/wp\/v2\/posts\/930","targetHints":{"allow":["GET"]}}],"collection":[{"href":"https:\/\/www.sahra-damus.de\/wordpress\/wp-json\/wp\/v2\/posts"}],"about":[{"href":"https:\/\/www.sahra-damus.de\/wordpress\/wp-json\/wp\/v2\/types\/post"}],"author":[{"embeddable":true,"href":"https:\/\/www.sahra-damus.de\/wordpress\/wp-json\/wp\/v2\/users\/1"}],"replies":[{"embeddable":true,"href":"https:\/\/www.sahra-damus.de\/wordpress\/wp-json\/wp\/v2\/comments?post=930"}],"version-history":[{"count":1,"href":"https:\/\/www.sahra-damus.de\/wordpress\/wp-json\/wp\/v2\/posts\/930\/revisions"}],"predecessor-version":[{"id":931,"href":"https:\/\/www.sahra-damus.de\/wordpress\/wp-json\/wp\/v2\/posts\/930\/revisions\/931"}],"wp:attachment":[{"href":"https:\/\/www.sahra-damus.de\/wordpress\/wp-json\/wp\/v2\/media?parent=930"}],"wp:term":[{"taxonomy":"category","embeddable":true,"href":"https:\/\/www.sahra-damus.de\/wordpress\/wp-json\/wp\/v2\/categories?post=930"},{"taxonomy":"post_tag","embeddable":true,"href":"https:\/\/www.sahra-damus.de\/wordpress\/wp-json\/wp\/v2\/tags?post=930"}],"curies":[{"name":"wp","href":"https:\/\/api.w.org\/{rel}","templated":true}]}}