{"id":954,"date":"2021-08-06T15:00:33","date_gmt":"2021-08-06T15:00:33","guid":{"rendered":"https:\/\/www.sahra-damus.de\/wordpress\/?p=954"},"modified":"2021-09-20T11:09:15","modified_gmt":"2021-09-20T11:09:15","slug":"sommetour-mahn-und-gedenkstaette-ravensbrueck","status":"publish","type":"post","link":"https:\/\/www.sahra-damus.de\/wordpress\/sommetour-mahn-und-gedenkstaette-ravensbrueck\/","title":{"rendered":"Sommetour &#8211; Etappe 7: Mahn- und Gedenkst\u00e4tte Ravensbr\u00fcck"},"content":{"rendered":"<div id=\"attachment_955\" style=\"width: 310px\" class=\"wp-caption alignright\"><img loading=\"lazy\" decoding=\"async\" aria-describedby=\"caption-attachment-955\" class=\"size-medium wp-image-955\" src=\"https:\/\/www.sahra-damus.de\/wordpress\/wp-content\/uploads\/2021\/09\/233591119_10158518179246747_463551356582904036_n-300x225.jpg\" alt=\"\" width=\"300\" height=\"225\" srcset=\"https:\/\/www.sahra-damus.de\/wordpress\/wp-content\/uploads\/2021\/09\/233591119_10158518179246747_463551356582904036_n-300x225.jpg 300w, https:\/\/www.sahra-damus.de\/wordpress\/wp-content\/uploads\/2021\/09\/233591119_10158518179246747_463551356582904036_n-1024x768.jpg 1024w, https:\/\/www.sahra-damus.de\/wordpress\/wp-content\/uploads\/2021\/09\/233591119_10158518179246747_463551356582904036_n-768x576.jpg 768w, https:\/\/www.sahra-damus.de\/wordpress\/wp-content\/uploads\/2021\/09\/233591119_10158518179246747_463551356582904036_n-1536x1152.jpg 1536w, https:\/\/www.sahra-damus.de\/wordpress\/wp-content\/uploads\/2021\/09\/233591119_10158518179246747_463551356582904036_n.jpg 1728w\" sizes=\"auto, (max-width: 300px) 100vw, 300px\" \/><p id=\"caption-attachment-955\" class=\"wp-caption-text\">Foto: Sahra Damus<\/p><\/div>\n<p><a class=\"oajrlxb2 g5ia77u1 qu0x051f esr5mh6w e9989ue4 r7d6kgcz rq0escxv nhd2j8a9 nc684nl6 p7hjln8o kvgmc6g5 cxmmr5t8 oygrvhab hcukyx3x jb3vyjys rz4wbd8a qt6c0cv9 a8nywdso i1ao9s8h esuyzwwr f1sip0of lzcic4wl q66pz984 gpro0wi8 b1v8xokw\" tabindex=\"0\" role=\"link\" href=\"https:\/\/www.facebook.com\/hashtag\/sommertour?__eep__=6&amp;__cft__[0]=AZWCgztezM8PIGj09HTjYjOHFPZPu9aJzJfQ4IRyENEpQsLz-1OaWr3x-8UFE0Rl5dosme317ALntj7xbIJG24CYJDfd0ocARk1etljLYOhZDq7V8V1lMTUju_P3vVn-81AcEbl7jLqxRUgkFcmlTBiQ&amp;__tn__=*NK-R\">#Sommertour<\/a> in der <a class=\"oajrlxb2 g5ia77u1 qu0x051f esr5mh6w e9989ue4 r7d6kgcz rq0escxv nhd2j8a9 nc684nl6 p7hjln8o kvgmc6g5 cxmmr5t8 oygrvhab hcukyx3x jb3vyjys rz4wbd8a qt6c0cv9 a8nywdso i1ao9s8h esuyzwwr f1sip0of lzcic4wl q66pz984 gpro0wi8 b1v8xokw\" tabindex=\"0\" role=\"link\" href=\"https:\/\/www.facebook.com\/GedenkstaetteRavensbrueck\/?__cft__[0]=AZWCgztezM8PIGj09HTjYjOHFPZPu9aJzJfQ4IRyENEpQsLz-1OaWr3x-8UFE0Rl5dosme317ALntj7xbIJG24CYJDfd0ocARk1etljLYOhZDq7V8V1lMTUju_P3vVn-81AcEbl7jLqxRUgkFcmlTBiQ&amp;__tn__=kK-R\"><span class=\"nc684nl6\">Mahn- und Gedenkst\u00e4tte Ravensbr\u00fcck<\/span><\/a> f\u00fcr das ehemalige Frauenkonzentrationslager. Die neue Leiterin Andrea Genest ist seit einem Jahr im Amt. Viele Bildungsangebote mussten wegen Corona ausfallen, nun geht es aber wieder los und das Interesse von Jugendlichen und regionalen Urlauber*innen ist deutlich gestiegen. Notwendig w\u00e4re mehr Personal f\u00fcr Digitalisierung. Gute Neuigkeiten: Nach vielen Jahren der Diskussion wird nun endlich bald eine <a class=\"oajrlxb2 g5ia77u1 qu0x051f esr5mh6w e9989ue4 r7d6kgcz rq0escxv nhd2j8a9 nc684nl6 p7hjln8o kvgmc6g5 cxmmr5t8 oygrvhab hcukyx3x jb3vyjys rz4wbd8a qt6c0cv9 a8nywdso i1ao9s8h esuyzwwr f1sip0of lzcic4wl q66pz984 gpro0wi8 b1v8xokw\" tabindex=\"0\" role=\"link\" href=\"https:\/\/www.facebook.com\/Gedenkkugel-f%C3%BCr-die-ermordeten-lesbischen-Frauen-im-Frauen-KZ-Ravensbr%C3%BCck-1779855708741466\/?__cft__[0]=AZWCgztezM8PIGj09HTjYjOHFPZPu9aJzJfQ4IRyENEpQsLz-1OaWr3x-8UFE0Rl5dosme317ALntj7xbIJG24CYJDfd0ocARk1etljLYOhZDq7V8V1lMTUju_P3vVn-81AcEbl7jLqxRUgkFcmlTBiQ&amp;__tn__=kK-R\"><span class=\"nc684nl6\">Gedenkkugel f\u00fcr die ermordeten lesbischen Frauen im Frauen-KZ Ravensbr\u00fcck<\/span><\/a> aufgestellt wird. Der Prototyp des Gedenkzeichens ist ja bereits vorhanden, aber die Inschrift wird noch angepasst. Es ist wichtig, die Verfolgung von Lesben auch als das zu benennen, was sie war. Wenngleich nat\u00fcrlich meist mehreres zusammenkam, z.B. J\u00fcdin, lesbisch, als \u201easozial\u201c gebrandmarkt. Lesben standen lange nicht so im Fokus wie Schwule Inhaftierte, weil es f\u00fcr letztere durch \u00a7175 einen eigenen Paragraphen im Strafgesetz gab. Die Verfolgung von Lesben wurde oft anders begr\u00fcndet, wie ein Gutachten zeigt, dass hierzu k\u00fcrzlich erarbeitet worden ist. Einige lesbische Insassinnen von Ravensbr\u00fcck wurden gezielt ermordet, wie die Recherche von Einzelschicksalen zeigt. Auch nicht unwichtig: Wie h\u00e4lt man die in den 1990ern angelegten Schotterfl\u00e4chen, welche die Barackenumrisse nachbilden, von Bewuchs frei \u2013 ohne Pestizide? Auf sp\u00e4ter eingerichteten Fl\u00e4chen wurde gleich begr\u00fcnt. Es gibt Ideen, hier Schafe einzusetzen. In Auschwitz wird das bereits so praktiziert.<\/p>\n","protected":false},"excerpt":{"rendered":"<p>#Sommertour in der Mahn- und Gedenkst\u00e4tte Ravensbr\u00fcck f\u00fcr das ehemalige Frauenkonzentrationslager. Die neue Leiterin Andrea Genest ist seit einem Jahr im Amt. Viele Bildungsangebote mussten wegen Corona ausfallen, nun geht [&hellip;]<\/p>\n","protected":false},"author":1,"featured_media":0,"comment_status":"open","ping_status":"open","sticky":false,"template":"","format":"standard","meta":{"footnotes":""},"categories":[10],"tags":[],"class_list":["post-954","post","type-post","status-publish","format-standard","hentry","category-mitteilung"],"_links":{"self":[{"href":"https:\/\/www.sahra-damus.de\/wordpress\/wp-json\/wp\/v2\/posts\/954","targetHints":{"allow":["GET"]}}],"collection":[{"href":"https:\/\/www.sahra-damus.de\/wordpress\/wp-json\/wp\/v2\/posts"}],"about":[{"href":"https:\/\/www.sahra-damus.de\/wordpress\/wp-json\/wp\/v2\/types\/post"}],"author":[{"embeddable":true,"href":"https:\/\/www.sahra-damus.de\/wordpress\/wp-json\/wp\/v2\/users\/1"}],"replies":[{"embeddable":true,"href":"https:\/\/www.sahra-damus.de\/wordpress\/wp-json\/wp\/v2\/comments?post=954"}],"version-history":[{"count":3,"href":"https:\/\/www.sahra-damus.de\/wordpress\/wp-json\/wp\/v2\/posts\/954\/revisions"}],"predecessor-version":[{"id":981,"href":"https:\/\/www.sahra-damus.de\/wordpress\/wp-json\/wp\/v2\/posts\/954\/revisions\/981"}],"wp:attachment":[{"href":"https:\/\/www.sahra-damus.de\/wordpress\/wp-json\/wp\/v2\/media?parent=954"}],"wp:term":[{"taxonomy":"category","embeddable":true,"href":"https:\/\/www.sahra-damus.de\/wordpress\/wp-json\/wp\/v2\/categories?post=954"},{"taxonomy":"post_tag","embeddable":true,"href":"https:\/\/www.sahra-damus.de\/wordpress\/wp-json\/wp\/v2\/tags?post=954"}],"curies":[{"name":"wp","href":"https:\/\/api.w.org\/{rel}","templated":true}]}}