{"id":963,"date":"2021-08-03T15:58:32","date_gmt":"2021-08-03T15:58:32","guid":{"rendered":"https:\/\/www.sahra-damus.de\/wordpress\/?p=963"},"modified":"2021-09-20T11:09:49","modified_gmt":"2021-09-20T11:09:49","slug":"sommertour-etappe-5-2-bahnstrecken-im-osten-haltepunkt-boossen","status":"publish","type":"post","link":"https:\/\/www.sahra-damus.de\/wordpress\/sommertour-etappe-5-2-bahnstrecken-im-osten-haltepunkt-boossen\/","title":{"rendered":"Sommertour &#8211; Etappe 6.2: Bahnstrecken im Osten: Haltepunkt Boo\u00dfen"},"content":{"rendered":"<p><img loading=\"lazy\" decoding=\"async\" class=\"size-medium wp-image-964 alignright\" src=\"https:\/\/www.sahra-damus.de\/wordpress\/wp-content\/uploads\/2021\/09\/229614755_10158513193691747_1844682707667025046_n-300x225.jpg\" alt=\"\" width=\"300\" height=\"225\" srcset=\"https:\/\/www.sahra-damus.de\/wordpress\/wp-content\/uploads\/2021\/09\/229614755_10158513193691747_1844682707667025046_n-300x225.jpg 300w, https:\/\/www.sahra-damus.de\/wordpress\/wp-content\/uploads\/2021\/09\/229614755_10158513193691747_1844682707667025046_n-1024x768.jpg 1024w, https:\/\/www.sahra-damus.de\/wordpress\/wp-content\/uploads\/2021\/09\/229614755_10158513193691747_1844682707667025046_n-768x576.jpg 768w, https:\/\/www.sahra-damus.de\/wordpress\/wp-content\/uploads\/2021\/09\/229614755_10158513193691747_1844682707667025046_n-1536x1152.jpg 1536w, https:\/\/www.sahra-damus.de\/wordpress\/wp-content\/uploads\/2021\/09\/229614755_10158513193691747_1844682707667025046_n.jpg 1728w\" sizes=\"auto, (max-width: 300px) 100vw, 300px\" \/>Station Nummer 2 auf <a class=\"oajrlxb2 g5ia77u1 qu0x051f esr5mh6w e9989ue4 r7d6kgcz rq0escxv nhd2j8a9 nc684nl6 p7hjln8o kvgmc6g5 cxmmr5t8 oygrvhab hcukyx3x jb3vyjys rz4wbd8a qt6c0cv9 a8nywdso i1ao9s8h esuyzwwr f1sip0of lzcic4wl q66pz984 gpro0wi8 b1v8xokw\" tabindex=\"0\" role=\"link\" href=\"https:\/\/www.facebook.com\/RostockClemens\/?__cft__[0]=AZVWWILafs52crtYfRbrdPf8GZuoF3jhxRh2wlaOVWUYXZaeVCLoqcmKp_1E0Y2Sf2ItmadymbP42chmjrF5Fql9spRkmK_YU6pvfXzdw4mS_z3NnY_zST4N1dPiRcbjhev8ZtobfZidtv2Kk2RySEvJ&amp;__tn__=kK-R\"><span class=\"nc684nl6\">Clemens Rostock<\/span><\/a>s und meiner gemeinsamen <a class=\"oajrlxb2 g5ia77u1 qu0x051f esr5mh6w e9989ue4 r7d6kgcz rq0escxv nhd2j8a9 nc684nl6 p7hjln8o kvgmc6g5 cxmmr5t8 oygrvhab hcukyx3x jb3vyjys rz4wbd8a qt6c0cv9 a8nywdso i1ao9s8h esuyzwwr f1sip0of lzcic4wl q66pz984 gpro0wi8 b1v8xokw\" tabindex=\"0\" role=\"link\" href=\"https:\/\/www.facebook.com\/hashtag\/sommertour?__eep__=6&amp;__cft__[0]=AZVWWILafs52crtYfRbrdPf8GZuoF3jhxRh2wlaOVWUYXZaeVCLoqcmKp_1E0Y2Sf2ItmadymbP42chmjrF5Fql9spRkmK_YU6pvfXzdw4mS_z3NnY_zST4N1dPiRcbjhev8ZtobfZidtv2Kk2RySEvJ&amp;__tn__=*NK-R\">#Sommertour<\/a>: Der 1996 vom Netz genommene Haltepunkt Boo\u00dfen. Mit 1500 Einwohner*innen einer der gr\u00f6\u00dften und wachsenden Ortsteile von Frankfurt (Oder). Ortsbeirat, <a class=\"oajrlxb2 g5ia77u1 qu0x051f esr5mh6w e9989ue4 r7d6kgcz rq0escxv nhd2j8a9 nc684nl6 p7hjln8o kvgmc6g5 cxmmr5t8 oygrvhab hcukyx3x jb3vyjys rz4wbd8a qt6c0cv9 a8nywdso i1ao9s8h esuyzwwr f1sip0of lzcic4wl q66pz984 gpro0wi8 b1v8xokw\" tabindex=\"0\" role=\"link\" href=\"https:\/\/www.facebook.com\/adfcbrb\/?__cft__[0]=AZVWWILafs52crtYfRbrdPf8GZuoF3jhxRh2wlaOVWUYXZaeVCLoqcmKp_1E0Y2Sf2ItmadymbP42chmjrF5Fql9spRkmK_YU6pvfXzdw4mS_z3NnY_zST4N1dPiRcbjhev8ZtobfZidtv2Kk2RySEvJ&amp;__tn__=kK-R\"><span class=\"nc684nl6\">ADFC Brandenburg<\/span><\/a>, <a class=\"oajrlxb2 g5ia77u1 qu0x051f esr5mh6w e9989ue4 r7d6kgcz rq0escxv nhd2j8a9 nc684nl6 p7hjln8o kvgmc6g5 cxmmr5t8 oygrvhab hcukyx3x jb3vyjys rz4wbd8a qt6c0cv9 a8nywdso i1ao9s8h esuyzwwr f1sip0of lzcic4wl q66pz984 gpro0wi8 b1v8xokw\" tabindex=\"0\" role=\"link\" href=\"https:\/\/www.facebook.com\/groups\/1502606853235028\/?__cft__[0]=AZVWWILafs52crtYfRbrdPf8GZuoF3jhxRh2wlaOVWUYXZaeVCLoqcmKp_1E0Y2Sf2ItmadymbP42chmjrF5Fql9spRkmK_YU6pvfXzdw4mS_z3NnY_zST4N1dPiRcbjhev8ZtobfZidtv2Kk2RySEvJ&amp;__tn__=-UK-R\"><span class=\"nc684nl6\">Runder Tisch Klima und Umwelt Frankfurt(Oder)<\/span><\/a> und Anwohner*innen setzen sich f\u00fcr den Wiederanschluss ein. Die Fahrtzeit zum Zentrum w\u00fcrde von 27 auf 5 min sinken und man w\u00e4re ganz fix in Seelow. Wir haben Schiene &amp; Bahnsteig, der Zug f\u00e4hrt, nur halten muss er noch. Damit sind die Voraussetzungen hier viel besser als bei vielen anderen stillgelegten Strecken. Das muss doch machbar sein! Wir haben Ideen gesammelt, wie wir die Vorteile herausstellen und ans Verkehrsministerium kommunizieren k\u00f6nnen. Clemens und ich nehmen auch ein paar Hausaufgaben mit.<\/p>\n","protected":false},"excerpt":{"rendered":"<p>Station Nummer 2 auf Clemens Rostocks und meiner gemeinsamen #Sommertour: Der 1996 vom Netz genommene Haltepunkt Boo\u00dfen. Mit 1500 Einwohner*innen einer der gr\u00f6\u00dften und wachsenden Ortsteile von Frankfurt (Oder). Ortsbeirat, [&hellip;]<\/p>\n","protected":false},"author":1,"featured_media":0,"comment_status":"open","ping_status":"open","sticky":false,"template":"","format":"standard","meta":{"footnotes":""},"categories":[10],"tags":[],"class_list":["post-963","post","type-post","status-publish","format-standard","hentry","category-mitteilung"],"_links":{"self":[{"href":"https:\/\/www.sahra-damus.de\/wordpress\/wp-json\/wp\/v2\/posts\/963","targetHints":{"allow":["GET"]}}],"collection":[{"href":"https:\/\/www.sahra-damus.de\/wordpress\/wp-json\/wp\/v2\/posts"}],"about":[{"href":"https:\/\/www.sahra-damus.de\/wordpress\/wp-json\/wp\/v2\/types\/post"}],"author":[{"embeddable":true,"href":"https:\/\/www.sahra-damus.de\/wordpress\/wp-json\/wp\/v2\/users\/1"}],"replies":[{"embeddable":true,"href":"https:\/\/www.sahra-damus.de\/wordpress\/wp-json\/wp\/v2\/comments?post=963"}],"version-history":[{"count":3,"href":"https:\/\/www.sahra-damus.de\/wordpress\/wp-json\/wp\/v2\/posts\/963\/revisions"}],"predecessor-version":[{"id":983,"href":"https:\/\/www.sahra-damus.de\/wordpress\/wp-json\/wp\/v2\/posts\/963\/revisions\/983"}],"wp:attachment":[{"href":"https:\/\/www.sahra-damus.de\/wordpress\/wp-json\/wp\/v2\/media?parent=963"}],"wp:term":[{"taxonomy":"category","embeddable":true,"href":"https:\/\/www.sahra-damus.de\/wordpress\/wp-json\/wp\/v2\/categories?post=963"},{"taxonomy":"post_tag","embeddable":true,"href":"https:\/\/www.sahra-damus.de\/wordpress\/wp-json\/wp\/v2\/tags?post=963"}],"curies":[{"name":"wp","href":"https:\/\/api.w.org\/{rel}","templated":true}]}}