{"id":967,"date":"2021-08-03T11:02:11","date_gmt":"2021-08-03T11:02:11","guid":{"rendered":"https:\/\/www.sahra-damus.de\/wordpress\/?p=967"},"modified":"2021-09-20T11:10:00","modified_gmt":"2021-09-20T11:10:00","slug":"sommertour-etappe-5-1-bahnstrecken-im-osten-bad-saarow-beeskow","status":"publish","type":"post","link":"https:\/\/www.sahra-damus.de\/wordpress\/sommertour-etappe-5-1-bahnstrecken-im-osten-bad-saarow-beeskow\/","title":{"rendered":"Sommertour &#8211; Etappe 6.1: Bahnstrecken im Osten: Bad Saarow-Beeskow"},"content":{"rendered":"<p><a class=\"oajrlxb2 g5ia77u1 qu0x051f esr5mh6w e9989ue4 r7d6kgcz rq0escxv nhd2j8a9 nc684nl6 p7hjln8o kvgmc6g5 cxmmr5t8 oygrvhab hcukyx3x jb3vyjys rz4wbd8a qt6c0cv9 a8nywdso i1ao9s8h esuyzwwr f1sip0of lzcic4wl q66pz984 gpro0wi8 b1v8xokw\" tabindex=\"0\" role=\"link\" href=\"https:\/\/www.facebook.com\/RostockClemens\/?__cft__[0]=AZXjqOGUFHicgLz5vlN5SG0Dh4qDJ8ybqQy483I6V_jhcF_Kc448537A_vp-lhQGBGMZJKr04rYWvaLk_9mjyXSL51o04CtGE6J6M2qXJqr-83O_zvfOXD0ykH2DzA-osK7RRmg9wQ-jgfic6NXiDgzg&amp;__tn__=kK-R\"><span class=\"nc684nl6\"><img loading=\"lazy\" decoding=\"async\" class=\"size-medium wp-image-968 alignleft\" src=\"https:\/\/www.sahra-damus.de\/wordpress\/wp-content\/uploads\/2021\/09\/227309957_10158513189426747_3125063254149276439_n-300x225.jpg\" alt=\"\" width=\"300\" height=\"225\" srcset=\"https:\/\/www.sahra-damus.de\/wordpress\/wp-content\/uploads\/2021\/09\/227309957_10158513189426747_3125063254149276439_n-300x225.jpg 300w, https:\/\/www.sahra-damus.de\/wordpress\/wp-content\/uploads\/2021\/09\/227309957_10158513189426747_3125063254149276439_n-1024x768.jpg 1024w, https:\/\/www.sahra-damus.de\/wordpress\/wp-content\/uploads\/2021\/09\/227309957_10158513189426747_3125063254149276439_n-768x576.jpg 768w, https:\/\/www.sahra-damus.de\/wordpress\/wp-content\/uploads\/2021\/09\/227309957_10158513189426747_3125063254149276439_n-1536x1152.jpg 1536w, https:\/\/www.sahra-damus.de\/wordpress\/wp-content\/uploads\/2021\/09\/227309957_10158513189426747_3125063254149276439_n.jpg 1728w\" sizes=\"auto, (max-width: 300px) 100vw, 300px\" \/>Clemens Rostock<\/span><\/a> und ich waren gemeinsam auf <a class=\"oajrlxb2 g5ia77u1 qu0x051f esr5mh6w e9989ue4 r7d6kgcz rq0escxv nhd2j8a9 nc684nl6 p7hjln8o kvgmc6g5 cxmmr5t8 oygrvhab hcukyx3x jb3vyjys rz4wbd8a qt6c0cv9 a8nywdso i1ao9s8h esuyzwwr f1sip0of lzcic4wl q66pz984 gpro0wi8 b1v8xokw\" tabindex=\"0\" role=\"link\" href=\"https:\/\/www.facebook.com\/hashtag\/sommertour?__eep__=6&amp;__cft__[0]=AZXjqOGUFHicgLz5vlN5SG0Dh4qDJ8ybqQy483I6V_jhcF_Kc448537A_vp-lhQGBGMZJKr04rYWvaLk_9mjyXSL51o04CtGE6J6M2qXJqr-83O_zvfOXD0ykH2DzA-osK7RRmg9wQ-jgfic6NXiDgzg&amp;__tn__=*NK-R\">#Sommertour<\/a> im Osten: 4 Bahnstrecken an 3 Tagen. Hier Teil 1: die leider entwidmete und teils \u00fcberbaute Strecke Bad Saarow-Beeskow. Die StVV Beeskow hat sich k\u00fcrzlich f\u00fcr die Reaktivierung ausgesprochen. Momentan gibt es nur eine &#8220;Stummelstrecke&#8221; von F\u00fcrstenwalde nach Bad Saarow. Die nun zwar noch um einen Halt verl\u00e4ngert wird, danach geht\u00b4s aber vorerst nicht weiter. Mit dem Landrat und Vertreter*innen der umliegenden Gemeinden haben wir F\u00fcr und Wider diskutiert: Sollte man doch die alte Trasse reaktivieren? Oder eine k\u00fcrzere &amp; g\u00fcnstigere neue Trasse \u00fcber Wendisch-Rietz ins Auge fassen? Das Land untersucht gerade 46 Strecken und Haltepunkte auf ihr Reaktivierungspotenzial hin &#8211; das haben wir in den Koalitionsvertrag reinverhandelt! Auch diese Strecke wird genauer unter die Lupe genommen.<\/p>\n","protected":false},"excerpt":{"rendered":"<p>Clemens Rostock und ich waren gemeinsam auf #Sommertour im Osten: 4 Bahnstrecken an 3 Tagen. Hier Teil 1: die leider entwidmete und teils \u00fcberbaute Strecke Bad Saarow-Beeskow. Die StVV Beeskow [&hellip;]<\/p>\n","protected":false},"author":1,"featured_media":0,"comment_status":"open","ping_status":"open","sticky":false,"template":"","format":"standard","meta":{"footnotes":""},"categories":[10],"tags":[],"class_list":["post-967","post","type-post","status-publish","format-standard","hentry","category-mitteilung"],"_links":{"self":[{"href":"https:\/\/www.sahra-damus.de\/wordpress\/wp-json\/wp\/v2\/posts\/967","targetHints":{"allow":["GET"]}}],"collection":[{"href":"https:\/\/www.sahra-damus.de\/wordpress\/wp-json\/wp\/v2\/posts"}],"about":[{"href":"https:\/\/www.sahra-damus.de\/wordpress\/wp-json\/wp\/v2\/types\/post"}],"author":[{"embeddable":true,"href":"https:\/\/www.sahra-damus.de\/wordpress\/wp-json\/wp\/v2\/users\/1"}],"replies":[{"embeddable":true,"href":"https:\/\/www.sahra-damus.de\/wordpress\/wp-json\/wp\/v2\/comments?post=967"}],"version-history":[{"count":3,"href":"https:\/\/www.sahra-damus.de\/wordpress\/wp-json\/wp\/v2\/posts\/967\/revisions"}],"predecessor-version":[{"id":984,"href":"https:\/\/www.sahra-damus.de\/wordpress\/wp-json\/wp\/v2\/posts\/967\/revisions\/984"}],"wp:attachment":[{"href":"https:\/\/www.sahra-damus.de\/wordpress\/wp-json\/wp\/v2\/media?parent=967"}],"wp:term":[{"taxonomy":"category","embeddable":true,"href":"https:\/\/www.sahra-damus.de\/wordpress\/wp-json\/wp\/v2\/categories?post=967"},{"taxonomy":"post_tag","embeddable":true,"href":"https:\/\/www.sahra-damus.de\/wordpress\/wp-json\/wp\/v2\/tags?post=967"}],"curies":[{"name":"wp","href":"https:\/\/api.w.org\/{rel}","templated":true}]}}