{"id":974,"date":"2021-07-24T16:06:09","date_gmt":"2021-07-24T16:06:09","guid":{"rendered":"https:\/\/www.sahra-damus.de\/wordpress\/?p=974"},"modified":"2021-09-20T11:08:43","modified_gmt":"2021-09-20T11:08:43","slug":"sommertour-etappe-5-oderbruch-und-hnne","status":"publish","type":"post","link":"https:\/\/www.sahra-damus.de\/wordpress\/sommertour-etappe-5-oderbruch-und-hnne\/","title":{"rendered":"Sommertour &#8211; Etappe 5: Oderbruch und HNNE"},"content":{"rendered":"<p><a class=\"oajrlxb2 g5ia77u1 qu0x051f esr5mh6w e9989ue4 r7d6kgcz rq0escxv nhd2j8a9 nc684nl6 p7hjln8o kvgmc6g5 cxmmr5t8 oygrvhab hcukyx3x jb3vyjys rz4wbd8a qt6c0cv9 a8nywdso i1ao9s8h esuyzwwr f1sip0of lzcic4wl q66pz984 gpro0wi8 b1v8xokw\" tabindex=\"0\" role=\"link\" href=\"https:\/\/www.facebook.com\/hashtag\/sommertour?__eep__=6&amp;__cft__[0]=AZVykhmo7XUwZkbAKKOaBNJyImrgMZaMhbAeFxLf-S6r4DNkeRS5Cr4nbLjC5-Pf27nxokWLZqs8Cp_O-7OlK-rVg9bGuWNqFyPjT9abMkUogWABtVLhsHvqmJNoyRvMcScIB_mj3zI-zcOx1MJRNmyD&amp;__tn__=*NK-R\">#sommertour<\/a> mit <a class=\"oajrlxb2 g5ia77u1 qu0x051f esr5mh6w e9989ue4 r7d6kgcz rq0escxv nhd2j8a9 nc684nl6 p7hjln8o kvgmc6g5 cxmmr5t8 oygrvhab hcukyx3x jb3vyjys rz4wbd8a qt6c0cv9 a8nywdso i1ao9s8h esuyzwwr f1sip0of lzcic4wl q66pz984 gpro0wi8 b1v8xokw\" tabindex=\"0\" role=\"link\" href=\"https:\/\/www.facebook.com\/heiner.klemp.mdl\/?__cft__[0]=AZVykhmo7XUwZkbAKKOaBNJyImrgMZaMhbAeFxLf-S6r4DNkeRS5Cr4nbLjC5-Pf27nxokWLZqs8Cp_O-7OlK-rVg9bGuWNqFyPjT9abMkUogWABtVLhsHvqmJNoyRvMcScIB_mj3zI-zcOx1MJRNmyD&amp;__tn__=kK-R\"><span class=\"nc684nl6\">Heiner Klemp, MdL<\/span><\/a> zuerst im <a class=\"oajrlxb2 g5ia77u1 qu0x051f esr5mh6w e9989ue4 r7d6kgcz rq0escxv nhd2j8a9 nc684nl6 p7hjln8o kvgmc6g5 cxmmr5t8 oygrvhab hcukyx3x jb3vyjys rz4wbd8a qt6c0cv9 a8nywdso i1ao9s8h esuyzwwr f1sip0of lzcic4wl q66pz984 gpro0wi8 b1v8xokw\" tabindex=\"0\" role=\"link\" href=\"https:\/\/www.facebook.com\/coworking.im.oderland\/?__cft__[0]=AZVykhmo7XUwZkbAKKOaBNJyImrgMZaMhbAeFxLf-S6r4DNkeRS5Cr4nbLjC5-Pf27nxokWLZqs8Cp_O-7OlK-rVg9bGuWNqFyPjT9abMkUogWABtVLhsHvqmJNoyRvMcScIB_mj3zI-zcOx1MJRNmyD&amp;__tn__=kK-R\"><span class=\"nc684nl6\">Coworking Oderland<\/span><\/a> in Letschin &#8211; einem von drei Coworking Spaces in M\u00e4rkisch-Oderland neben Strausberg und Bad Freienwalde. Die Wirtschaftsf\u00f6rderung des Landkreises hat einen tollen Platz zum Arbeiten geschaffen. Mit Ausblick auf Pferd &amp; Huhn im Hof und Eiscaf\u00e9 um die Ecke. Gut, dass im l\u00e4ndlichen Raum die \u00f6ffentliche Hand den Anschub daf\u00fcr gibt. Anschlie\u00dfend bei <a class=\"oajrlxb2 g5ia77u1 qu0x051f esr5mh6w e9989ue4 r7d6kgcz rq0escxv nhd2j8a9 nc684nl6 p7hjln8o kvgmc6g5 cxmmr5t8 oygrvhab hcukyx3x jb3vyjys rz4wbd8a qt6c0cv9 a8nywdso i1ao9s8h esuyzwwr f1sip0of lzcic4wl q66pz984 gpro0wi8 b1v8xokw\" tabindex=\"0\" role=\"link\" href=\"https:\/\/www.facebook.com\/WDMBio\/?__cft__[0]=AZVykhmo7XUwZkbAKKOaBNJyImrgMZaMhbAeFxLf-S6r4DNkeRS5Cr4nbLjC5-Pf27nxokWLZqs8Cp_O-7OlK-rVg9bGuWNqFyPjT9abMkUogWABtVLhsHvqmJNoyRvMcScIB_mj3zI-zcOx1MJRNmyD&amp;__tn__=kK-R\"><span class=\"nc684nl6\">W\u00fcnsch Dir Mahl &amp; Daily Soup<\/span><\/a> in M\u00fcncheberg. Wer h\u00e4tte gedacht, dass dieser kleine, tolle Betrieb von der M\u00e4rkischen Schweiz aus deutschlandweit DM, Rewe und terra beliefert? Mit veganen Bio-Suppen, einige davon auch regional produziert im Umkreis von 100km. Davon braucht es noch viel mehr! Das passt gut zur geplanten Ern\u00e4hrungsstrategie und zum Regionalsiegel des Landes, was es erm\u00f6glichen soll, regionale Produkte bei Vergaben f\u00fcr die Gemeinschaftsverpflegung in Schulen, Kitas und \u00f6ffentlichen Kantinen zu bevorzugen. Und zu guter letzt an der <a class=\"oajrlxb2 g5ia77u1 qu0x051f esr5mh6w e9989ue4 r7d6kgcz rq0escxv nhd2j8a9 nc684nl6 p7hjln8o kvgmc6g5 cxmmr5t8 oygrvhab hcukyx3x jb3vyjys rz4wbd8a qt6c0cv9 a8nywdso i1ao9s8h esuyzwwr f1sip0of lzcic4wl q66pz984 gpro0wi8 b1v8xokw\" tabindex=\"0\" role=\"link\" href=\"https:\/\/www.facebook.com\/hneeberswalde\/?__cft__[0]=AZVykhmo7XUwZkbAKKOaBNJyImrgMZaMhbAeFxLf-S6r4DNkeRS5Cr4nbLjC5-Pf27nxokWLZqs8Cp_O-7OlK-rVg9bGuWNqFyPjT9abMkUogWABtVLhsHvqmJNoyRvMcScIB_mj3zI-zcOx1MJRNmyD&amp;__tn__=kK-R\"><span class=\"nc684nl6\">Hochschule f\u00fcr nachhaltige Entwicklung Eberswalde<\/span><\/a> im Gespr\u00e4ch mit der Pr\u00e4sidentin \u00fcber Nachhaltigkeit in Lehre und Forschung &#8211; und im Transfer. Aus Studiprojekten werden z.B. Unternehmen, die bei Klimaschutz und Stadtentwicklung helfen: aus Japan inspirierte tiny forests, die jetzt auch in der Uckermark wachsen<\/p>\n","protected":false},"excerpt":{"rendered":"<p>#sommertour mit Heiner Klemp, MdL zuerst im Coworking Oderland in Letschin &#8211; einem von drei Coworking Spaces in M\u00e4rkisch-Oderland neben Strausberg und Bad Freienwalde. Die Wirtschaftsf\u00f6rderung des Landkreises hat einen [&hellip;]<\/p>\n","protected":false},"author":1,"featured_media":0,"comment_status":"open","ping_status":"open","sticky":false,"template":"","format":"standard","meta":{"footnotes":""},"categories":[10],"tags":[],"class_list":["post-974","post","type-post","status-publish","format-standard","hentry","category-mitteilung"],"_links":{"self":[{"href":"https:\/\/www.sahra-damus.de\/wordpress\/wp-json\/wp\/v2\/posts\/974","targetHints":{"allow":["GET"]}}],"collection":[{"href":"https:\/\/www.sahra-damus.de\/wordpress\/wp-json\/wp\/v2\/posts"}],"about":[{"href":"https:\/\/www.sahra-damus.de\/wordpress\/wp-json\/wp\/v2\/types\/post"}],"author":[{"embeddable":true,"href":"https:\/\/www.sahra-damus.de\/wordpress\/wp-json\/wp\/v2\/users\/1"}],"replies":[{"embeddable":true,"href":"https:\/\/www.sahra-damus.de\/wordpress\/wp-json\/wp\/v2\/comments?post=974"}],"version-history":[{"count":2,"href":"https:\/\/www.sahra-damus.de\/wordpress\/wp-json\/wp\/v2\/posts\/974\/revisions"}],"predecessor-version":[{"id":978,"href":"https:\/\/www.sahra-damus.de\/wordpress\/wp-json\/wp\/v2\/posts\/974\/revisions\/978"}],"wp:attachment":[{"href":"https:\/\/www.sahra-damus.de\/wordpress\/wp-json\/wp\/v2\/media?parent=974"}],"wp:term":[{"taxonomy":"category","embeddable":true,"href":"https:\/\/www.sahra-damus.de\/wordpress\/wp-json\/wp\/v2\/categories?post=974"},{"taxonomy":"post_tag","embeddable":true,"href":"https:\/\/www.sahra-damus.de\/wordpress\/wp-json\/wp\/v2\/tags?post=974"}],"curies":[{"name":"wp","href":"https:\/\/api.w.org\/{rel}","templated":true}]}}