{"id":993,"date":"2021-09-28T17:00:06","date_gmt":"2021-09-28T17:00:06","guid":{"rendered":"https:\/\/www.sahra-damus.de\/wordpress\/?p=993"},"modified":"2021-10-18T08:58:04","modified_gmt":"2021-10-18T08:58:04","slug":"28-september-safe-abortion-day","status":"publish","type":"post","link":"https:\/\/www.sahra-damus.de\/wordpress\/28-september-safe-abortion-day\/","title":{"rendered":"28. September: Safe Abortion Day"},"content":{"rendered":"<p>Habt ihr schon mal eine Straftat begangen? Komische Frage?<\/p>\n<p><img loading=\"lazy\" decoding=\"async\" class=\" wp-image-994 alignright\" src=\"https:\/\/www.sahra-damus.de\/wordpress\/wp-content\/uploads\/2021\/10\/Safe-Abortion-Day-Demo-300x200.jpg\" alt=\"\" width=\"288\" height=\"192\" srcset=\"https:\/\/www.sahra-damus.de\/wordpress\/wp-content\/uploads\/2021\/10\/Safe-Abortion-Day-Demo-300x200.jpg 300w, https:\/\/www.sahra-damus.de\/wordpress\/wp-content\/uploads\/2021\/10\/Safe-Abortion-Day-Demo.jpg 593w\" sizes=\"auto, (max-width: 288px) 100vw, 288px\" \/><\/p>\n<p>Jede Frau, die eine Abtreibung vornehmen l\u00e4sst, begeht eine Straftat. Ich bin auch eine Straft\u00e4terin. Ich werde nur nicht strafrechtlich verfolgt, weil ich bei einer Beratung war und die Abtreibung vor einem bestimmten Datum lag. \u00a7218 und \u00a7219 m\u00fcssen endlich aus dem Strafgesetzbuch gestrichen werden. Sie kommen gleich hinter Mord und Totschlag. Stattdessen muss es um Gesundheitsversorgung, soziale und finanzielle Fragen und letztlich um Selbstbestimmtheit \u00fcber den eigenen K\u00f6rper und das eigene Leben gehen. Genauso wie ich jetzt selbstbestimmt entscheiden kann, ein Kind zu bekommen. Und auch das &#8220;Werbeverbot&#8221; muss schnellstm\u00f6glich abgeschafft werden. In Wahrheit ist es ein Informationsverbot. Wir brauchen niedrigschwellige Informationen, wo mit welcher Methode Abbr\u00fcche vorgenommen werden k\u00f6nnen und in welchen Sprachen die Kommunikation m\u00f6glich ist.<\/p>\n<p><!--more--><\/p>\n<p>Heute zum Safe Abortion Day haben wir in Potsdam demonstriert und geben das mit auf den Weg f\u00fcr die bevorstehenden Koalitionsverhandlungen im Bund: Schwangerschaftsabbr\u00fcche endlich entkriminalisieren! 150 Jahre sind genug. Aber auch im Land Brandenburg m\u00fcssen wir daf\u00fcr sorgen, dass es gen\u00fcgend Stellen gibt, die Abbr\u00fcche vornehmen. Es werden immer weniger. Auch wenn wir kein katholisch gepr\u00e4gtes Bundesland sind. Die \u00c4rzt*innengeneration, die noch unter dem liberalen Abtreibungsrecht der DDR praktiziert hat, geht in den Ruhestand. \u00c4rzt*innen \u00fcberlegen sich sehr gut, ob sie Abtreibungen vornehmen und wenn ja, ob dies kommuniziert werden darf. Nicht selten werden sie angefeindet oder gar verklagt. Das erschwert es Frauen zunehmends. Und der Blick nach Polen zeigt: Ein striktes Abtreibungsverbot f\u00fchrt nie zu weniger Abtreibungen. Es f\u00fchrt zu Illegalit\u00e4t, zu mehr Todesf\u00e4llen, Verletzungen und gravierenden Situation f\u00fcr die betroffenen Frauen. Viele polnische Frauen melden sich in Frankfurt (Oder), in Schwedt, in Berlin. Sie brauchen Unterst\u00fctzung durch unsere Beratungsstellen und \u00c4rzt*innen. Und unsere Solidarit\u00e4t. <a class=\"oajrlxb2 g5ia77u1 qu0x051f esr5mh6w e9989ue4 r7d6kgcz rq0escxv nhd2j8a9 nc684nl6 p7hjln8o kvgmc6g5 cxmmr5t8 oygrvhab hcukyx3x jb3vyjys rz4wbd8a qt6c0cv9 a8nywdso i1ao9s8h esuyzwwr f1sip0of lzcic4wl q66pz984 gpro0wi8 b1v8xokw\" tabindex=\"0\" role=\"link\" href=\"https:\/\/www.facebook.com\/hashtag\/safeabortionday?__eep__=6&amp;__cft__[0]=AZUdgXW4W6zIJnPYS6QclAAov_X7QB8-YoWPghiAzr8KJjEM9QSsNDthrtcjZYgbF6yBPI-dhAW0xnpniE1rQ_gQq90uKYpye_hDIZX4XrTT5Feia0_C2HvstT5gcsilVYA&amp;__tn__=*NK-R\">#safeabortionday<\/a><\/p>\n","protected":false},"excerpt":{"rendered":"<p>Habt ihr schon mal eine Straftat begangen? Komische Frage? Jede Frau, die eine Abtreibung vornehmen l\u00e4sst, begeht eine Straftat. Ich bin auch eine Straft\u00e4terin. Ich werde nur nicht strafrechtlich verfolgt, [&hellip;]<\/p>\n","protected":false},"author":1,"featured_media":0,"comment_status":"open","ping_status":"open","sticky":false,"template":"","format":"standard","meta":{"footnotes":""},"categories":[10],"tags":[],"class_list":["post-993","post","type-post","status-publish","format-standard","hentry","category-mitteilung"],"_links":{"self":[{"href":"https:\/\/www.sahra-damus.de\/wordpress\/wp-json\/wp\/v2\/posts\/993","targetHints":{"allow":["GET"]}}],"collection":[{"href":"https:\/\/www.sahra-damus.de\/wordpress\/wp-json\/wp\/v2\/posts"}],"about":[{"href":"https:\/\/www.sahra-damus.de\/wordpress\/wp-json\/wp\/v2\/types\/post"}],"author":[{"embeddable":true,"href":"https:\/\/www.sahra-damus.de\/wordpress\/wp-json\/wp\/v2\/users\/1"}],"replies":[{"embeddable":true,"href":"https:\/\/www.sahra-damus.de\/wordpress\/wp-json\/wp\/v2\/comments?post=993"}],"version-history":[{"count":3,"href":"https:\/\/www.sahra-damus.de\/wordpress\/wp-json\/wp\/v2\/posts\/993\/revisions"}],"predecessor-version":[{"id":1000,"href":"https:\/\/www.sahra-damus.de\/wordpress\/wp-json\/wp\/v2\/posts\/993\/revisions\/1000"}],"wp:attachment":[{"href":"https:\/\/www.sahra-damus.de\/wordpress\/wp-json\/wp\/v2\/media?parent=993"}],"wp:term":[{"taxonomy":"category","embeddable":true,"href":"https:\/\/www.sahra-damus.de\/wordpress\/wp-json\/wp\/v2\/categories?post=993"},{"taxonomy":"post_tag","embeddable":true,"href":"https:\/\/www.sahra-damus.de\/wordpress\/wp-json\/wp\/v2\/tags?post=993"}],"curies":[{"name":"wp","href":"https:\/\/api.w.org\/{rel}","templated":true}]}}